{"id":6330,"date":"2025-09-28T09:39:09","date_gmt":"2025-09-28T08:39:09","guid":{"rendered":"https:\/\/www.labecassiere.ch\/?p=6330"},"modified":"2025-09-28T09:39:09","modified_gmt":"2025-09-28T08:39:09","slug":"septembre-au-jardin","status":"publish","type":"post","link":"https:\/\/www.labecassiere.ch\/?p=6330","title":{"rendered":"Septembre au Jardin"},"content":{"rendered":"<p>En septembre beaucoup de l\u00e9gumes sont sem\u00e9s en place pour une r\u00e9colte au printemps suivant.<\/p>\n<p>Profitez des derniers fruits d&rsquo;\u00e9t\u00e9 qui continuent de m\u00fbrir en september.&nbsp;<\/p>\n<p>R\u00e9coltez aussi les herbes aromatiques comme le basilic, la sarriette ou le thym pour les faire s\u00e9cher.&nbsp;<\/p>\n<p>N&rsquo;oubliez pas de r\u00e9cup\u00e9rer les graines de vos r\u00e9coltes (tomates, courgettes, etc.) pour les semer l&rsquo;ann\u00e9e prochaine.&nbsp;<\/p>\n<p>Bon jardinage !<\/p>\n<p style=\"padding-left: 80px;\"><a href=\"http:\/\/www.labecassiere.ch\/wp-content\/uploads\/2025\/09\/IMG-20250816-WA0005.jpg\"><img decoding=\"async\" loading=\"lazy\" class=\"alignnone size-medium wp-image-6331\" src=\"http:\/\/www.labecassiere.ch\/wp-content\/uploads\/2025\/09\/IMG-20250816-WA0005-225x300.jpg\" alt=\"\" width=\"225\" height=\"300\" srcset=\"https:\/\/www.labecassiere.ch\/wp-content\/uploads\/2025\/09\/IMG-20250816-WA0005-225x300.jpg 225w, https:\/\/www.labecassiere.ch\/wp-content\/uploads\/2025\/09\/IMG-20250816-WA0005-768x1024.jpg 768w, https:\/\/www.labecassiere.ch\/wp-content\/uploads\/2025\/09\/IMG-20250816-WA0005-1152x1536.jpg 1152w, https:\/\/www.labecassiere.ch\/wp-content\/uploads\/2025\/09\/IMG-20250816-WA0005.jpg 1200w\" sizes=\"(max-width: 225px) 100vw, 225px\" \/><\/a><\/p>\n","protected":false},"excerpt":{"rendered":"<p>En septembre beaucoup de l\u00e9gumes sont sem\u00e9s en place pour une r\u00e9colte au printemps suivant. Profitez des derniers fruits d&rsquo;\u00e9t\u00e9 qui continuent de m\u00fbrir en september.&nbsp; R\u00e9coltez aussi les herbes aromatiques comme le basilic, la sarriette ou le thym pour &hellip; <a href=\"https:\/\/www.labecassiere.ch\/?p=6330\">Continuer la lecture <span class=\"meta-nav\">&rarr;<\/span><\/a><\/p>\n","protected":false},"author":1,"featured_media":0,"comment_status":"open","ping_status":"open","sticky":false,"template":"","format":"standard","meta":[],"categories":[1],"tags":[],"_links":{"self":[{"href":"https:\/\/www.labecassiere.ch\/index.php?rest_route=\/wp\/v2\/posts\/6330"}],"collection":[{"href":"https:\/\/www.labecassiere.ch\/index.php?rest_route=\/wp\/v2\/posts"}],"about":[{"href":"https:\/\/www.labecassiere.ch\/index.php?rest_route=\/wp\/v2\/types\/post"}],"author":[{"embeddable":true,"href":"https:\/\/www.labecassiere.ch\/index.php?rest_route=\/wp\/v2\/users\/1"}],"replies":[{"embeddable":true,"href":"https:\/\/www.labecassiere.ch\/index.php?rest_route=%2Fwp%2Fv2%2Fcomments&post=6330"}],"version-history":[{"count":3,"href":"https:\/\/www.labecassiere.ch\/index.php?rest_route=\/wp\/v2\/posts\/6330\/revisions"}],"predecessor-version":[{"id":6334,"href":"https:\/\/www.labecassiere.ch\/index.php?rest_route=\/wp\/v2\/posts\/6330\/revisions\/6334"}],"wp:attachment":[{"href":"https:\/\/www.labecassiere.ch\/index.php?rest_route=%2Fwp%2Fv2%2Fmedia&parent=6330"}],"wp:term":[{"taxonomy":"category","embeddable":true,"href":"https:\/\/www.labecassiere.ch\/index.php?rest_route=%2Fwp%2Fv2%2Fcategories&post=6330"},{"taxonomy":"post_tag","embeddable":true,"href":"https:\/\/www.labecassiere.ch\/index.php?rest_route=%2Fwp%2Fv2%2Ftags&post=6330"}],"curies":[{"name":"wp","href":"https:\/\/api.w.org\/{rel}","templated":true}]}}