{"id":6242,"date":"2025-06-24T16:34:57","date_gmt":"2025-06-24T15:34:57","guid":{"rendered":"https:\/\/www.labecassiere.ch\/?p=6242"},"modified":"2025-06-24T16:34:57","modified_gmt":"2025-06-24T15:34:57","slug":"juin-au-jardin","status":"publish","type":"post","link":"https:\/\/www.labecassiere.ch\/?p=6242","title":{"rendered":"Juin au Jardin"},"content":{"rendered":"<p style=\"text-align: right;\">&nbsp;<\/p>\n<p style=\"text-align: right;\">Juin est le mois de semis de nombreux l\u00e9gumes en pleine terre, car la chaleur permet d&rsquo;op\u00e9rer en plein air.<\/p>\n<p style=\"text-align: right;\">Les plantes bulbeuses de printemps sont a mettre au repos, tandis que celles d&rsquo;\u00e9t\u00e9 ou d&rsquo;automne les relayent dans les massifs.<\/p>\n<p style=\"text-align: right;\">Continuer l&rsquo;entretien des all\u00e9es et veiller \u00e0 l&rsquo;arrosage de toutes les plantes.&nbsp;<\/p>\n<p><a href=\"http:\/\/www.labecassiere.ch\/wp-content\/uploads\/2025\/06\/20250606_182506_resized-rotated.jpg\"><img decoding=\"async\" loading=\"lazy\" class=\"alignnone size-medium wp-image-6245\" src=\"http:\/\/www.labecassiere.ch\/wp-content\/uploads\/2025\/06\/20250606_182506_resized-137x300.jpg\" alt=\"\" width=\"137\" height=\"300\" srcset=\"https:\/\/www.labecassiere.ch\/wp-content\/uploads\/2025\/06\/20250606_182506_resized-137x300.jpg 137w, https:\/\/www.labecassiere.ch\/wp-content\/uploads\/2025\/06\/20250606_182506_resized-467x1024.jpg 467w, https:\/\/www.labecassiere.ch\/wp-content\/uploads\/2025\/06\/20250606_182506_resized-768x1684.jpg 768w, https:\/\/www.labecassiere.ch\/wp-content\/uploads\/2025\/06\/20250606_182506_resized-700x1536.jpg 700w, https:\/\/www.labecassiere.ch\/wp-content\/uploads\/2025\/06\/20250606_182506_resized-rotated.jpg 912w\" sizes=\"(max-width: 137px) 100vw, 137px\" \/><\/a><\/p>\n<p style=\"text-align: right;\">&nbsp;<\/p>\n","protected":false},"excerpt":{"rendered":"<p>&nbsp; Juin est le mois de semis de nombreux l\u00e9gumes en pleine terre, car la chaleur permet d&rsquo;op\u00e9rer en plein air. Les plantes bulbeuses de printemps sont a mettre au repos, tandis que celles d&rsquo;\u00e9t\u00e9 ou d&rsquo;automne les relayent dans &hellip; <a href=\"https:\/\/www.labecassiere.ch\/?p=6242\">Continuer la lecture <span class=\"meta-nav\">&rarr;<\/span><\/a><\/p>\n","protected":false},"author":1,"featured_media":0,"comment_status":"open","ping_status":"open","sticky":false,"template":"","format":"standard","meta":[],"categories":[1],"tags":[],"_links":{"self":[{"href":"https:\/\/www.labecassiere.ch\/index.php?rest_route=\/wp\/v2\/posts\/6242"}],"collection":[{"href":"https:\/\/www.labecassiere.ch\/index.php?rest_route=\/wp\/v2\/posts"}],"about":[{"href":"https:\/\/www.labecassiere.ch\/index.php?rest_route=\/wp\/v2\/types\/post"}],"author":[{"embeddable":true,"href":"https:\/\/www.labecassiere.ch\/index.php?rest_route=\/wp\/v2\/users\/1"}],"replies":[{"embeddable":true,"href":"https:\/\/www.labecassiere.ch\/index.php?rest_route=%2Fwp%2Fv2%2Fcomments&post=6242"}],"version-history":[{"count":3,"href":"https:\/\/www.labecassiere.ch\/index.php?rest_route=\/wp\/v2\/posts\/6242\/revisions"}],"predecessor-version":[{"id":6247,"href":"https:\/\/www.labecassiere.ch\/index.php?rest_route=\/wp\/v2\/posts\/6242\/revisions\/6247"}],"wp:attachment":[{"href":"https:\/\/www.labecassiere.ch\/index.php?rest_route=%2Fwp%2Fv2%2Fmedia&parent=6242"}],"wp:term":[{"taxonomy":"category","embeddable":true,"href":"https:\/\/www.labecassiere.ch\/index.php?rest_route=%2Fwp%2Fv2%2Fcategories&post=6242"},{"taxonomy":"post_tag","embeddable":true,"href":"https:\/\/www.labecassiere.ch\/index.php?rest_route=%2Fwp%2Fv2%2Ftags&post=6242"}],"curies":[{"name":"wp","href":"https:\/\/api.w.org\/{rel}","templated":true}]}}