{"id":3404,"date":"2018-09-26T17:39:10","date_gmt":"2018-09-26T16:39:10","guid":{"rendered":"http:\/\/www.labecassiere.ch\/?p=3404"},"modified":"2018-12-11T18:39:35","modified_gmt":"2018-12-11T17:39:35","slug":"journee-des-fleurs-samedi-25-aout-2018","status":"publish","type":"post","link":"https:\/\/www.labecassiere.ch\/?p=3404","title":{"rendered":"Journ\u00e9e des fleurs samedi 25 ao\u00fbt 2018"},"content":{"rendered":"<p style=\"text-align: center;\"><a href=\"http:\/\/www.labecassiere.ch\/wp-content\/uploads\/2018\/09\/IMG_1703-1.jpg\"><img decoding=\"async\" loading=\"lazy\" class=\"alignnone size-medium wp-image-3512\" src=\"http:\/\/www.labecassiere.ch\/wp-content\/uploads\/2018\/09\/IMG_1703-1-300x225.jpg\" alt=\"\" width=\"300\" height=\"225\" srcset=\"https:\/\/www.labecassiere.ch\/wp-content\/uploads\/2018\/09\/IMG_1703-1-300x225.jpg 300w, https:\/\/www.labecassiere.ch\/wp-content\/uploads\/2018\/09\/IMG_1703-1-768x576.jpg 768w, https:\/\/www.labecassiere.ch\/wp-content\/uploads\/2018\/09\/IMG_1703-1-1024x768.jpg 1024w\" sizes=\"(max-width: 300px) 100vw, 300px\" \/><\/a><\/p>\n<p style=\"text-align: center;\"><span style=\"color: #0000ff;\"><strong>Les photos de la journ\u00e9e des fleurs sont&nbsp;maintenant en&nbsp;ligne.<\/strong><\/span><\/p>\n<p style=\"text-align: center;\"><span style=\"color: #0000ff;\"><strong>Vous les trouverez en cliquant sur le lien suivant:<\/strong><\/span><\/p>\n<p style=\"text-align: center;\"><span style=\"color: #ff0000;\"><strong><a style=\"color: #ff0000;\" href=\"http:\/\/www.labecassiere.ch\/?page_id=3406\" target=\"_blank\" rel=\"noopener\">Journ\u00e9e des fleurs samedi 25 ao\u00fbt 2018<\/a><\/strong><\/span><\/p>\n<p>&nbsp;<\/p>\n<p><a href=\"http:\/\/www.labecassiere.ch\/wp-content\/uploads\/2013\/03\/Blason-La-Becassiere-rvb.jpg\"><img decoding=\"async\" loading=\"lazy\" class=\"size-medium wp-image-182 aligncenter\" src=\"http:\/\/www.labecassiere.ch\/wp-content\/uploads\/2013\/03\/Blason-La-Becassiere-rvb-260x300.jpg\" alt=\"\" width=\"260\" height=\"300\" srcset=\"https:\/\/www.labecassiere.ch\/wp-content\/uploads\/2013\/03\/Blason-La-Becassiere-rvb-260x300.jpg 260w, https:\/\/www.labecassiere.ch\/wp-content\/uploads\/2013\/03\/Blason-La-Becassiere-rvb-887x1024.jpg 887w, https:\/\/www.labecassiere.ch\/wp-content\/uploads\/2013\/03\/Blason-La-Becassiere-rvb.jpg 1152w\" sizes=\"(max-width: 260px) 100vw, 260px\" \/><\/a><\/p>\n","protected":false},"excerpt":{"rendered":"<p>Les photos de la journ\u00e9e des fleurs sont&nbsp;maintenant en&nbsp;ligne. Vous les trouverez en cliquant sur le lien suivant: Journ\u00e9e des fleurs samedi 25 ao\u00fbt 2018 &nbsp;<\/p>\n","protected":false},"author":1,"featured_media":0,"comment_status":"open","ping_status":"open","sticky":false,"template":"","format":"standard","meta":[],"categories":[1],"tags":[],"_links":{"self":[{"href":"https:\/\/www.labecassiere.ch\/index.php?rest_route=\/wp\/v2\/posts\/3404"}],"collection":[{"href":"https:\/\/www.labecassiere.ch\/index.php?rest_route=\/wp\/v2\/posts"}],"about":[{"href":"https:\/\/www.labecassiere.ch\/index.php?rest_route=\/wp\/v2\/types\/post"}],"author":[{"embeddable":true,"href":"https:\/\/www.labecassiere.ch\/index.php?rest_route=\/wp\/v2\/users\/1"}],"replies":[{"embeddable":true,"href":"https:\/\/www.labecassiere.ch\/index.php?rest_route=%2Fwp%2Fv2%2Fcomments&post=3404"}],"version-history":[{"count":7,"href":"https:\/\/www.labecassiere.ch\/index.php?rest_route=\/wp\/v2\/posts\/3404\/revisions"}],"predecessor-version":[{"id":3609,"href":"https:\/\/www.labecassiere.ch\/index.php?rest_route=\/wp\/v2\/posts\/3404\/revisions\/3609"}],"wp:attachment":[{"href":"https:\/\/www.labecassiere.ch\/index.php?rest_route=%2Fwp%2Fv2%2Fmedia&parent=3404"}],"wp:term":[{"taxonomy":"category","embeddable":true,"href":"https:\/\/www.labecassiere.ch\/index.php?rest_route=%2Fwp%2Fv2%2Fcategories&post=3404"},{"taxonomy":"post_tag","embeddable":true,"href":"https:\/\/www.labecassiere.ch\/index.php?rest_route=%2Fwp%2Fv2%2Ftags&post=3404"}],"curies":[{"name":"wp","href":"https:\/\/api.w.org\/{rel}","templated":true}]}}