{"id":2572,"date":"2017-08-24T09:15:16","date_gmt":"2017-08-24T08:15:16","guid":{"rendered":"http:\/\/www.labecassiere.ch\/?p=2572"},"modified":"2017-08-24T09:15:16","modified_gmt":"2017-08-24T08:15:16","slug":"federation-genevoise-des-jardins-familiaux-fgjf-a-la-vogue-de-carouge-1-3-septembre-2017","status":"publish","type":"post","link":"https:\/\/www.labecassiere.ch\/?p=2572","title":{"rendered":"F\u00e9d\u00e9ration Genevoise des Jardins Familiaux (FGJF) \u00e0 la Vogue de Carouge 1-3 septembre  2017"},"content":{"rendered":"<p style=\"text-align: center;\"><span style=\"color: #0000ff;\"><strong>Les jardiniers des groupements de Perly, du Sal\u00e8ve et de La Tour repr\u00e9sentent la F\u00e9d\u00e9ration Genevoise des Jardins Familiaux (FGJF) \u00e0\u00a0la Vogue de Carouge 1-3 septembre\u00a0 2017<\/strong><\/span><\/p>\n<p style=\"text-align: center;\"><strong><span style=\"color: #000000;\">Voir flyer ci-dessous:<\/span><\/strong><\/p>\n<p style=\"text-align: center;\"><a href=\"http:\/\/www.labecassiere.ch\/wp-content\/uploads\/2017\/08\/Les-jardiniers-des-groupements-de-Perly-la-Tour-et-le-Sal\u00e8ve.pdf\">Les jardiniers des groupements de Perly la Tour et le Sal\u00e8ve<\/a><\/p>\n<p style=\"text-align: center;\">\u00a0<img decoding=\"async\" loading=\"lazy\" class=\"aligncenter\" src=\"http:\/\/www.labecassiere.ch\/wp-content\/uploads\/2013\/03\/Blason-La-Becassiere-rvb.jpg\" alt=\"\" width=\"174\" height=\"200\" \/><\/p>\n","protected":false},"excerpt":{"rendered":"<p>Les jardiniers des groupements de Perly, du Sal\u00e8ve et de La Tour repr\u00e9sentent la F\u00e9d\u00e9ration Genevoise des Jardins Familiaux (FGJF) \u00e0\u00a0la Vogue de Carouge 1-3 septembre\u00a0 2017 Voir flyer ci-dessous: Les jardiniers des groupements de Perly la Tour et le &hellip; <a href=\"https:\/\/www.labecassiere.ch\/?p=2572\">Continuer la lecture <span class=\"meta-nav\">&rarr;<\/span><\/a><\/p>\n","protected":false},"author":1,"featured_media":0,"comment_status":"open","ping_status":"open","sticky":false,"template":"","format":"standard","meta":[],"categories":[1],"tags":[],"_links":{"self":[{"href":"https:\/\/www.labecassiere.ch\/index.php?rest_route=\/wp\/v2\/posts\/2572"}],"collection":[{"href":"https:\/\/www.labecassiere.ch\/index.php?rest_route=\/wp\/v2\/posts"}],"about":[{"href":"https:\/\/www.labecassiere.ch\/index.php?rest_route=\/wp\/v2\/types\/post"}],"author":[{"embeddable":true,"href":"https:\/\/www.labecassiere.ch\/index.php?rest_route=\/wp\/v2\/users\/1"}],"replies":[{"embeddable":true,"href":"https:\/\/www.labecassiere.ch\/index.php?rest_route=%2Fwp%2Fv2%2Fcomments&post=2572"}],"version-history":[{"count":3,"href":"https:\/\/www.labecassiere.ch\/index.php?rest_route=\/wp\/v2\/posts\/2572\/revisions"}],"predecessor-version":[{"id":2577,"href":"https:\/\/www.labecassiere.ch\/index.php?rest_route=\/wp\/v2\/posts\/2572\/revisions\/2577"}],"wp:attachment":[{"href":"https:\/\/www.labecassiere.ch\/index.php?rest_route=%2Fwp%2Fv2%2Fmedia&parent=2572"}],"wp:term":[{"taxonomy":"category","embeddable":true,"href":"https:\/\/www.labecassiere.ch\/index.php?rest_route=%2Fwp%2Fv2%2Fcategories&post=2572"},{"taxonomy":"post_tag","embeddable":true,"href":"https:\/\/www.labecassiere.ch\/index.php?rest_route=%2Fwp%2Fv2%2Ftags&post=2572"}],"curies":[{"name":"wp","href":"https:\/\/api.w.org\/{rel}","templated":true}]}}