{"id":1908,"date":"2016-03-16T16:46:07","date_gmt":"2016-03-16T15:46:07","guid":{"rendered":"http:\/\/www.labecassiere.ch\/?p=1908"},"modified":"2016-03-16T17:01:46","modified_gmt":"2016-03-16T16:01:46","slug":"assemblee-generale-du-15-mars-2016","status":"publish","type":"post","link":"https:\/\/www.labecassiere.ch\/?p=1908","title":{"rendered":"Assembl\u00e9e g\u00e9n\u00e9rale du 15 mars 2016"},"content":{"rendered":"<h2 style=\"text-align: center;\"><span style=\"color: #0000ff;\"><strong>RAPPEL: <\/strong><\/span><\/h2>\n<h2 style=\"text-align: center;\"><span style=\"color: #0000ff;\"><strong>Convocation pour la matin\u00e9e des travaux de printemps le<\/strong><\/span><\/h2>\n<h2 style=\"text-align: center;\"><span style=\"color: #0000ff;\"><strong>SAMEDI 9 AVRIL 2016 \u00e0 9h30<\/strong><\/span><\/h2>\n<p style=\"text-align: center;\">\n<p style=\"text-align: center;\"><span style=\"color: #ff0000;\"><strong>Et aussi q<span style=\"color: #ff0000;\">u<\/span>elques\u00a0photos de notre derni\u00e8re assembl\u00e9e g\u00e9n\u00e9rale du mardi\u00a014\u00a0mars qui sont\u00a0maintenant en\u00a0ligne.<\/strong><\/span><\/p>\n<p style=\"text-align: center;\"><span style=\"color: #ff0000;\"><strong>Vous les trouvez aussi en cliquant sur le lien suivant:<\/strong><\/span><\/p>\n<p style=\"text-align: center;\"><a href=\"http:\/\/www.labecassiere.ch\/?page_id=1930\" target=\"_blank\"><span style=\"color: #0000ff;\"><strong>Photos de l&rsquo;assembl\u00e9e g\u00e9n\u00e9rale du mardi\u00a014\u00a0mars\u00a0 2016<\/strong><\/span><\/a><\/p>\n<p style=\"text-align: center;\"><img decoding=\"async\" loading=\"lazy\" class=\"\" src=\"http:\/\/www.labecassiere.ch\/wp-content\/uploads\/2013\/03\/Blason-La-Becassiere-rvb.jpg\" alt=\"\" width=\"235\" height=\"271\" \/><\/p>\n","protected":false},"excerpt":{"rendered":"<p>RAPPEL: Convocation pour la matin\u00e9e des travaux de printemps le SAMEDI 9 AVRIL 2016 \u00e0 9h30 Et aussi quelques\u00a0photos de notre derni\u00e8re assembl\u00e9e g\u00e9n\u00e9rale du mardi\u00a014\u00a0mars qui sont\u00a0maintenant en\u00a0ligne. Vous les trouvez aussi en cliquant sur le lien suivant: Photos &hellip; <a href=\"https:\/\/www.labecassiere.ch\/?p=1908\">Continuer la lecture <span class=\"meta-nav\">&rarr;<\/span><\/a><\/p>\n","protected":false},"author":1,"featured_media":0,"comment_status":"open","ping_status":"open","sticky":false,"template":"","format":"standard","meta":[],"categories":[1],"tags":[],"_links":{"self":[{"href":"https:\/\/www.labecassiere.ch\/index.php?rest_route=\/wp\/v2\/posts\/1908"}],"collection":[{"href":"https:\/\/www.labecassiere.ch\/index.php?rest_route=\/wp\/v2\/posts"}],"about":[{"href":"https:\/\/www.labecassiere.ch\/index.php?rest_route=\/wp\/v2\/types\/post"}],"author":[{"embeddable":true,"href":"https:\/\/www.labecassiere.ch\/index.php?rest_route=\/wp\/v2\/users\/1"}],"replies":[{"embeddable":true,"href":"https:\/\/www.labecassiere.ch\/index.php?rest_route=%2Fwp%2Fv2%2Fcomments&post=1908"}],"version-history":[{"count":4,"href":"https:\/\/www.labecassiere.ch\/index.php?rest_route=\/wp\/v2\/posts\/1908\/revisions"}],"predecessor-version":[{"id":1938,"href":"https:\/\/www.labecassiere.ch\/index.php?rest_route=\/wp\/v2\/posts\/1908\/revisions\/1938"}],"wp:attachment":[{"href":"https:\/\/www.labecassiere.ch\/index.php?rest_route=%2Fwp%2Fv2%2Fmedia&parent=1908"}],"wp:term":[{"taxonomy":"category","embeddable":true,"href":"https:\/\/www.labecassiere.ch\/index.php?rest_route=%2Fwp%2Fv2%2Fcategories&post=1908"},{"taxonomy":"post_tag","embeddable":true,"href":"https:\/\/www.labecassiere.ch\/index.php?rest_route=%2Fwp%2Fv2%2Ftags&post=1908"}],"curies":[{"name":"wp","href":"https:\/\/api.w.org\/{rel}","templated":true}]}}