{"id":1471,"date":"2015-06-01T20:04:34","date_gmt":"2015-06-01T19:04:34","guid":{"rendered":"http:\/\/www.labecassiere.ch\/?p=1471"},"modified":"2015-06-06T17:06:25","modified_gmt":"2015-06-06T16:06:25","slug":"les-jardins-familiaux-sont-presents-au-bicentenaire-a-ecogia","status":"publish","type":"post","link":"http:\/\/www.labecassiere.ch\/?p=1471","title":{"rendered":"Les Jardins Familiaux sont pr\u00e9sents au Bicentenaire \u00e0 ECOGIA"},"content":{"rendered":"<h2 style=\"text-align: center;\"><span style=\"color: #ff0000;\"><strong>F\u00eate du bicentenaire \u00e0 ECOGIA les 29-30 et 31 mai 2015<\/strong><\/span><\/h2>\n<h2 style=\"text-align: center;\"><strong>Vos photos sont en ligne<\/strong><\/h2>\n<h2 style=\"text-align: center;\"><a title=\"F\u00eate du bicentenaire \u00e0 Ecogia 29, 30 et 31 mai 2015\" href=\"http:\/\/www.labecassiere.ch\/?page_id=1592\" target=\"_blank\"><span style=\"color: #0000ff;\"><strong>Cliquez sur le lien:<\/strong><\/span><\/a><\/h2>\n<p style=\"text-align: center;\"><a href=\"http:\/\/www.labecassiere.ch\/wp-content\/uploads\/2015\/06\/P1060061.jpg\" target=\"_blank\"><img decoding=\"async\" loading=\"lazy\" class=\"alignnone size-medium wp-image-1475\" src=\"http:\/\/www.labecassiere.ch\/wp-content\/uploads\/2015\/06\/P1060061-300x200.jpg\" alt=\"P1060061\" width=\"300\" height=\"200\" srcset=\"http:\/\/www.labecassiere.ch\/wp-content\/uploads\/2015\/06\/P1060061-300x200.jpg 300w, http:\/\/www.labecassiere.ch\/wp-content\/uploads\/2015\/06\/P1060061-1024x683.jpg 1024w\" sizes=\"(max-width: 300px) 100vw, 300px\" \/><\/a><\/p>\n<p style=\"text-align: center;\">Les jardins familiaux aussi \u00e0 la une et c&rsquo;est ici:<\/p>\n<p style=\"text-align: center;\"><strong><span style=\"color: #ff00ff;\"><a style=\"color: #ff00ff;\" href=\"http:\/\/televersoix.ch\/\" target=\"_blank\">http:\/\/televersoix.ch\/<\/a><\/span><\/strong><\/p>\n<p>&nbsp;<\/p>\n<p style=\"text-align: center;\"><span style=\"color: #000000;\"><strong>Et encore plus de photos ici<\/strong><\/span>:<\/p>\n<p style=\"text-align: center;\">\u00a0<strong><span style=\"color: #ff0000;\"><a style=\"color: #ff0000;\" href=\"http:\/\/www.ader-versoix.ch\/downloads\/diapo-fete-bicentenaire-dup\/index.html\" target=\"_blank\">http:\/\/www.ader-versoix.ch\/downloads\/diapo-fete-bicentenaire-dup\/index.html<\/a><\/span><\/strong><\/p>\n","protected":false},"excerpt":{"rendered":"<p>F\u00eate du bicentenaire \u00e0 ECOGIA les 29-30 et 31 mai 2015 Vos photos sont en ligne Cliquez sur le lien: Les jardins familiaux aussi \u00e0 la une et c&rsquo;est ici: http:\/\/televersoix.ch\/ &nbsp; Et encore plus de photos ici: \u00a0http:\/\/www.ader-versoix.ch\/downloads\/diapo-fete-bicentenaire-dup\/index.html<\/p>\n","protected":false},"author":1,"featured_media":0,"comment_status":"open","ping_status":"open","sticky":false,"template":"","format":"standard","meta":[],"categories":[1],"tags":[],"_links":{"self":[{"href":"http:\/\/www.labecassiere.ch\/index.php?rest_route=\/wp\/v2\/posts\/1471"}],"collection":[{"href":"http:\/\/www.labecassiere.ch\/index.php?rest_route=\/wp\/v2\/posts"}],"about":[{"href":"http:\/\/www.labecassiere.ch\/index.php?rest_route=\/wp\/v2\/types\/post"}],"author":[{"embeddable":true,"href":"http:\/\/www.labecassiere.ch\/index.php?rest_route=\/wp\/v2\/users\/1"}],"replies":[{"embeddable":true,"href":"http:\/\/www.labecassiere.ch\/index.php?rest_route=%2Fwp%2Fv2%2Fcomments&post=1471"}],"version-history":[{"count":11,"href":"http:\/\/www.labecassiere.ch\/index.php?rest_route=\/wp\/v2\/posts\/1471\/revisions"}],"predecessor-version":[{"id":1601,"href":"http:\/\/www.labecassiere.ch\/index.php?rest_route=\/wp\/v2\/posts\/1471\/revisions\/1601"}],"wp:attachment":[{"href":"http:\/\/www.labecassiere.ch\/index.php?rest_route=%2Fwp%2Fv2%2Fmedia&parent=1471"}],"wp:term":[{"taxonomy":"category","embeddable":true,"href":"http:\/\/www.labecassiere.ch\/index.php?rest_route=%2Fwp%2Fv2%2Fcategories&post=1471"},{"taxonomy":"post_tag","embeddable":true,"href":"http:\/\/www.labecassiere.ch\/index.php?rest_route=%2Fwp%2Fv2%2Ftags&post=1471"}],"curies":[{"name":"wp","href":"https:\/\/api.w.org\/{rel}","templated":true}]}}