{"id":1448,"date":"2015-05-22T17:00:27","date_gmt":"2015-05-22T16:00:27","guid":{"rendered":"http:\/\/www.labecassiere.ch\/?p=1448"},"modified":"2015-06-01T20:05:23","modified_gmt":"2015-06-01T19:05:23","slug":"1448","status":"publish","type":"post","link":"http:\/\/www.labecassiere.ch\/?p=1448","title":{"rendered":"La F\u00eate des 200 ans 29 30 et 31 mai"},"content":{"rendered":"<h2 style=\"text-align: center;\"><span style=\"color: #0000ff;\"><strong>Les jardins familiaux seront pr\u00e9sents lors de la f\u00eate des 200 ans \u00e0 ECOGIA les vendredi 29, samedi 30 et dimanche 31 mai.<\/strong><\/span><\/h2>\n<p style=\"text-align: center;\"><strong><span style=\"color: #ff0000;\">Pour les membres les horaires et informations compl\u00e9taires disponibles \u00e0 l&rsquo;espace membre:<\/span><\/strong><\/p>\n<h3 style=\"text-align: center;\"><span style=\"color: #ff00ff;\"><strong><a style=\"color: #ff00ff;\" href=\"http:\/\/www.labecassiere.ch\/wp-content\/uploads\/2015\/05\/bicentenaire-horaires.pdf\" target=\"_blank\">bicentenaire horaires<\/a><span style=\"color: #000000;\">\u00a0(cliquer sur le lien)<\/span><\/strong><\/span><\/h3>\n<p style=\"text-align: center;\"><a href=\"http:\/\/www.labecassiere.ch\/wp-content\/uploads\/2015\/05\/200-ans1.jpg\"><img decoding=\"async\" loading=\"lazy\" class=\"alignnone size-medium wp-image-1447\" src=\"http:\/\/www.labecassiere.ch\/wp-content\/uploads\/2015\/05\/200-ans1-213x300.jpg\" alt=\"200 ans\" width=\"213\" height=\"300\" srcset=\"http:\/\/www.labecassiere.ch\/wp-content\/uploads\/2015\/05\/200-ans1-213x300.jpg 213w, http:\/\/www.labecassiere.ch\/wp-content\/uploads\/2015\/05\/200-ans1.jpg 515w\" sizes=\"(max-width: 213px) 100vw, 213px\" \/><\/a><\/p>\n<p style=\"text-align: center;\"><span style=\"color: #ff0000;\"><strong><a style=\"color: #ff0000;\" href=\"http:\/\/www.versoix.ch\/pxo3_02\/pxo_content\/medias\/Livret_Fete_Versoix_200.pdf\" target=\"_blank\">Le programme en ligne<\/a>: <\/strong><\/span><\/p>\n<p style=\"text-align: center;\"><span style=\"color: #000000;\"><strong>(cliquer sur le lien)<\/strong><\/span><\/p>\n","protected":false},"excerpt":{"rendered":"<p>Les jardins familiaux seront pr\u00e9sents lors de la f\u00eate des 200 ans \u00e0 ECOGIA les vendredi 29, samedi 30 et dimanche 31 mai. Pour les membres les horaires et informations compl\u00e9taires disponibles \u00e0 l&rsquo;espace membre: bicentenaire horaires\u00a0(cliquer sur le lien) &hellip; <a href=\"http:\/\/www.labecassiere.ch\/?p=1448\">Continuer la lecture <span class=\"meta-nav\">&rarr;<\/span><\/a><\/p>\n","protected":false},"author":1,"featured_media":0,"comment_status":"open","ping_status":"open","sticky":false,"template":"","format":"standard","meta":[],"categories":[1],"tags":[],"_links":{"self":[{"href":"http:\/\/www.labecassiere.ch\/index.php?rest_route=\/wp\/v2\/posts\/1448"}],"collection":[{"href":"http:\/\/www.labecassiere.ch\/index.php?rest_route=\/wp\/v2\/posts"}],"about":[{"href":"http:\/\/www.labecassiere.ch\/index.php?rest_route=\/wp\/v2\/types\/post"}],"author":[{"embeddable":true,"href":"http:\/\/www.labecassiere.ch\/index.php?rest_route=\/wp\/v2\/users\/1"}],"replies":[{"embeddable":true,"href":"http:\/\/www.labecassiere.ch\/index.php?rest_route=%2Fwp%2Fv2%2Fcomments&post=1448"}],"version-history":[{"count":16,"href":"http:\/\/www.labecassiere.ch\/index.php?rest_route=\/wp\/v2\/posts\/1448\/revisions"}],"predecessor-version":[{"id":1474,"href":"http:\/\/www.labecassiere.ch\/index.php?rest_route=\/wp\/v2\/posts\/1448\/revisions\/1474"}],"wp:attachment":[{"href":"http:\/\/www.labecassiere.ch\/index.php?rest_route=%2Fwp%2Fv2%2Fmedia&parent=1448"}],"wp:term":[{"taxonomy":"category","embeddable":true,"href":"http:\/\/www.labecassiere.ch\/index.php?rest_route=%2Fwp%2Fv2%2Fcategories&post=1448"},{"taxonomy":"post_tag","embeddable":true,"href":"http:\/\/www.labecassiere.ch\/index.php?rest_route=%2Fwp%2Fv2%2Ftags&post=1448"}],"curies":[{"name":"wp","href":"https:\/\/api.w.org\/{rel}","templated":true}]}}